{"id":13025,"date":"2021-02-04T11:40:00","date_gmt":"2021-02-04T11:40:00","guid":{"rendered":"http:\/\/barista.edge-themes.com\/?p=13025"},"modified":"2024-02-23T17:58:18","modified_gmt":"2024-02-23T17:58:18","slug":"sobremesas-para-dia-namorados","status":"publish","type":"post","link":"http:\/\/confeitariacale.pt\/en\/sobremesas-para-dia-namorados\/","title":{"rendered":"Desserts for Valentine's Day"},"content":{"rendered":"<p>Celebrate the most romantic day of the year and surprise your loved ones with our dessert suggestions<\/p>\n<p class=\"p1\">&nbsp;special!<\/p>\n<p class=\"p1\">See below for our suggestions for sharing with your better half this Valentine's Day:<\/p>\n<p><\/p>\n\n\n<div class=\"wp-block-jetpack-slideshow aligncenter\" data-effect=\"slide\"><div class=\"wp-block-jetpack-slideshow_container swiper-container\"><ul class=\"wp-block-jetpack-slideshow_swiper-wrapper swiper-wrapper\"><li class=\"wp-block-jetpack-slideshow_slide swiper-slide\"><figure><img fetchpriority=\"high\" decoding=\"async\" width=\"872\" height=\"1024\" alt=\"dia-namorados-2021-pastelaria-entrega-casa-cale-confeitaria-tradicional-portuguesa-peniche-caldas-rainha-padaria-pastelaria\" class=\"wp-block-jetpack-slideshow_image wp-image-13775\" data-id=\"13775\" src=\"https:\/\/confeitariacale.pt\/wp-content\/uploads\/2017\/02\/WhatsApp-Image-2021-02-02-at-16.52.41.jpg\" srcset=\"https:\/\/confeitariacale.pt\/wp-content\/uploads\/2017\/02\/WhatsApp-Image-2021-02-02-at-16.52.41.jpg 872w, https:\/\/confeitariacale.pt\/wp-content\/uploads\/2017\/02\/WhatsApp-Image-2021-02-02-at-16.52.41-255x300.jpg 255w, https:\/\/confeitariacale.pt\/wp-content\/uploads\/2017\/02\/WhatsApp-Image-2021-02-02-at-16.52.41-768x902.jpg 768w, https:\/\/confeitariacale.pt\/wp-content\/uploads\/2017\/02\/WhatsApp-Image-2021-02-02-at-16.52.41-10x12.jpg 10w\" sizes=\"(max-width: 872px) 100vw, 872px\" \/><\/figure><\/li><li class=\"wp-block-jetpack-slideshow_slide swiper-slide\"><figure><img decoding=\"async\" width=\"845\" height=\"1024\" alt=\"2-dia-namorados-2021-pastelaria-entrega-casa-cale-confeitaria-tradicional-portuguesa-peniche-caldas-rainha-padaria-pastelaria\" class=\"wp-block-jetpack-slideshow_image wp-image-13777\" data-id=\"13777\" src=\"https:\/\/confeitariacale.pt\/wp-content\/uploads\/2017\/02\/WhatsApp-Image-2021-02-02-at-16.52.42.jpg\" srcset=\"https:\/\/confeitariacale.pt\/wp-content\/uploads\/2017\/02\/WhatsApp-Image-2021-02-02-at-16.52.42.jpg 845w, https:\/\/confeitariacale.pt\/wp-content\/uploads\/2017\/02\/WhatsApp-Image-2021-02-02-at-16.52.42-248x300.jpg 248w, https:\/\/confeitariacale.pt\/wp-content\/uploads\/2017\/02\/WhatsApp-Image-2021-02-02-at-16.52.42-768x931.jpg 768w, https:\/\/confeitariacale.pt\/wp-content\/uploads\/2017\/02\/WhatsApp-Image-2021-02-02-at-16.52.42-10x12.jpg 10w\" sizes=\"(max-width: 845px) 100vw, 845px\" \/><\/figure><\/li><li class=\"wp-block-jetpack-slideshow_slide swiper-slide\"><figure><img decoding=\"async\" width=\"851\" height=\"1024\" alt=\"3-dia-namorados-2021-pastelaria-entrega-casa-cale-confeitaria-tradicional-portuguesa-peniche-caldas-rainha-padaria-pastelaria\" class=\"wp-block-jetpack-slideshow_image wp-image-13778\" data-id=\"13778\" src=\"https:\/\/confeitariacale.pt\/wp-content\/uploads\/2017\/02\/WhatsApp-Image-2021-02-02-at-16.52.41-1.jpg\" srcset=\"https:\/\/confeitariacale.pt\/wp-content\/uploads\/2017\/02\/WhatsApp-Image-2021-02-02-at-16.52.41-1.jpg 851w, https:\/\/confeitariacale.pt\/wp-content\/uploads\/2017\/02\/WhatsApp-Image-2021-02-02-at-16.52.41-1-249x300.jpg 249w, https:\/\/confeitariacale.pt\/wp-content\/uploads\/2017\/02\/WhatsApp-Image-2021-02-02-at-16.52.41-1-768x924.jpg 768w, https:\/\/confeitariacale.pt\/wp-content\/uploads\/2017\/02\/WhatsApp-Image-2021-02-02-at-16.52.41-1-10x12.jpg 10w\" sizes=\"(max-width: 851px) 100vw, 851px\" \/><\/figure><\/li><li class=\"wp-block-jetpack-slideshow_slide swiper-slide\"><figure><img loading=\"lazy\" decoding=\"async\" width=\"811\" height=\"1024\" alt=\"1-dia-namorados-2021-pastelaria-entrega-casa-cale-confeitaria-tradicional-portuguesa-peniche-caldas-rainha-padaria-pastelaria\" class=\"wp-block-jetpack-slideshow_image wp-image-13776\" data-id=\"13776\" src=\"https:\/\/confeitariacale.pt\/wp-content\/uploads\/2017\/02\/WhatsApp-Image-2021-02-02-at-16.51.57.jpg\" srcset=\"https:\/\/confeitariacale.pt\/wp-content\/uploads\/2017\/02\/WhatsApp-Image-2021-02-02-at-16.51.57.jpg 811w, https:\/\/confeitariacale.pt\/wp-content\/uploads\/2017\/02\/WhatsApp-Image-2021-02-02-at-16.51.57-238x300.jpg 238w, https:\/\/confeitariacale.pt\/wp-content\/uploads\/2017\/02\/WhatsApp-Image-2021-02-02-at-16.51.57-768x970.jpg 768w, https:\/\/confeitariacale.pt\/wp-content\/uploads\/2017\/02\/WhatsApp-Image-2021-02-02-at-16.51.57-10x12.jpg 10w\" sizes=\"(max-width: 811px) 100vw, 811px\" \/><\/figure><\/li><\/ul><a class=\"wp-block-jetpack-slideshow_button-prev swiper-button-prev swiper-button-white\" role=\"button\"><\/a><a class=\"wp-block-jetpack-slideshow_button-next swiper-button-next swiper-button-white\" role=\"button\"><\/a><a aria-label=\"Pause Slideshow\" class=\"wp-block-jetpack-slideshow_button-pause\" role=\"button\"><\/a><div class=\"wp-block-jetpack-slideshow_pagination swiper-pagination swiper-pagination-white\"><\/div><\/div><\/div>\n\n\n\n<p><\/p>","protected":false},"excerpt":{"rendered":"<p>Celebre o dia mais rom\u00e2ntico do ano e surpreenda quem mais ama com as sugest\u00f5es da Cal\u00e9 para uma sobremesa especial de dia dos namorados!<\/p>","protected":false},"author":1,"featured_media":13783,"comment_status":"closed","ping_status":"open","sticky":false,"template":"","format":"standard","meta":{"footnotes":""},"categories":[61],"tags":[],"class_list":["post-13025","post","type-post","status-publish","format-standard","has-post-thumbnail","hentry","category-epocas-festivas"],"yoast_head":"<!-- This site is optimized with the Yoast SEO plugin v27.5 - https:\/\/yoast.com\/product\/yoast-seo-wordpress\/ -->\n<title>Sobremesas para o Dia dos Namorados | Cal&eacute; - Confeitaria Tradicional Portuguesa<\/title>\n<meta name=\"description\" content=\"Celebre o dia mais rom\u00e2ntico do ano e surpreenda quem mais ama com as sugest\u00f5es da Cal\u00e9 para uma sobremesa especial de dia dos namorados!\" \/>\n<meta name=\"robots\" content=\"index, follow, max-snippet:-1, max-image-preview:large, max-video-preview:-1\" \/>\n<link rel=\"canonical\" href=\"https:\/\/confeitariacale.pt\/en\/sobremesas-para-dia-namorados\/\" \/>\n<meta property=\"og:locale\" content=\"en_GB\" \/>\n<meta property=\"og:type\" content=\"article\" \/>\n<meta property=\"og:title\" content=\"Sobremesas para o Dia dos Namorados | Cal&eacute; - Confeitaria Tradicional Portuguesa\" \/>\n<meta property=\"og:description\" content=\"Celebre o dia mais rom\u00e2ntico do ano e surpreenda quem mais ama com as sugest\u00f5es da Cal\u00e9 para uma sobremesa especial de dia dos namorados!\" \/>\n<meta property=\"og:url\" content=\"https:\/\/confeitariacale.pt\/en\/sobremesas-para-dia-namorados\/\" \/>\n<meta property=\"og:site_name\" content=\"Cal&eacute; - Confeitaria Tradicional Portuguesa\" \/>\n<meta property=\"article:publisher\" content=\"https:\/\/www.facebook.com\/ConfeitariaCale\" \/>\n<meta property=\"article:published_time\" content=\"2021-02-04T11:40:00+00:00\" \/>\n<meta property=\"article:modified_time\" content=\"2024-02-23T17:58:18+00:00\" \/>\n<meta property=\"og:image\" content=\"https:\/\/confeitariacale.pt\/wp-content\/uploads\/2021\/02\/WhatsApp-Image-2021-02-02-at-16.52.41.jpg\" \/>\n\t<meta property=\"og:image:width\" content=\"870\" \/>\n\t<meta property=\"og:image:height\" content=\"538\" \/>\n\t<meta property=\"og:image:type\" content=\"image\/jpeg\" \/>\n<meta name=\"author\" content=\"admin\" \/>\n<meta name=\"twitter:card\" content=\"summary_large_image\" \/>\n<meta name=\"twitter:label1\" content=\"Written by\" \/>\n\t<meta name=\"twitter:data1\" content=\"admin\" \/>\n\t<meta name=\"twitter:label2\" content=\"Estimated reading time\" \/>\n\t<meta name=\"twitter:data2\" content=\"1 minute\" \/>\n<script type=\"application\/ld+json\" class=\"yoast-schema-graph\">{\"@context\":\"https:\\\/\\\/schema.org\",\"@graph\":[{\"@type\":\"Article\",\"@id\":\"https:\\\/\\\/confeitariacale.pt\\\/sobremesas-para-dia-namorados\\\/#article\",\"isPartOf\":{\"@id\":\"https:\\\/\\\/confeitariacale.pt\\\/sobremesas-para-dia-namorados\\\/\"},\"author\":{\"name\":\"admin\",\"@id\":\"https:\\\/\\\/confeitariacale.pt\\\/#\\\/schema\\\/person\\\/801e24679ad52c103b918879b77c89be\"},\"headline\":\"Sobremesas para o Dia dos Namorados\",\"datePublished\":\"2021-02-04T11:40:00+00:00\",\"dateModified\":\"2024-02-23T17:58:18+00:00\",\"mainEntityOfPage\":{\"@id\":\"https:\\\/\\\/confeitariacale.pt\\\/sobremesas-para-dia-namorados\\\/\"},\"wordCount\":46,\"publisher\":{\"@id\":\"https:\\\/\\\/confeitariacale.pt\\\/#organization\"},\"image\":{\"@id\":\"https:\\\/\\\/confeitariacale.pt\\\/sobremesas-para-dia-namorados\\\/#primaryimage\"},\"thumbnailUrl\":\"https:\\\/\\\/confeitariacale.pt\\\/wp-content\\\/uploads\\\/2021\\\/02\\\/WhatsApp-Image-2021-02-02-at-16.52.41.jpg\",\"articleSection\":[\"\u00c9pocas Festivas\"],\"inLanguage\":\"en-GB\"},{\"@type\":\"WebPage\",\"@id\":\"https:\\\/\\\/confeitariacale.pt\\\/sobremesas-para-dia-namorados\\\/\",\"url\":\"https:\\\/\\\/confeitariacale.pt\\\/sobremesas-para-dia-namorados\\\/\",\"name\":\"Sobremesas para o Dia dos Namorados | Cal&eacute; - Confeitaria Tradicional Portuguesa\",\"isPartOf\":{\"@id\":\"https:\\\/\\\/confeitariacale.pt\\\/#website\"},\"primaryImageOfPage\":{\"@id\":\"https:\\\/\\\/confeitariacale.pt\\\/sobremesas-para-dia-namorados\\\/#primaryimage\"},\"image\":{\"@id\":\"https:\\\/\\\/confeitariacale.pt\\\/sobremesas-para-dia-namorados\\\/#primaryimage\"},\"thumbnailUrl\":\"https:\\\/\\\/confeitariacale.pt\\\/wp-content\\\/uploads\\\/2021\\\/02\\\/WhatsApp-Image-2021-02-02-at-16.52.41.jpg\",\"datePublished\":\"2021-02-04T11:40:00+00:00\",\"dateModified\":\"2024-02-23T17:58:18+00:00\",\"description\":\"Celebre o dia mais rom\u00e2ntico do ano e surpreenda quem mais ama com as sugest\u00f5es da Cal\u00e9 para uma sobremesa especial de dia dos namorados!\",\"breadcrumb\":{\"@id\":\"https:\\\/\\\/confeitariacale.pt\\\/sobremesas-para-dia-namorados\\\/#breadcrumb\"},\"inLanguage\":\"en-GB\",\"potentialAction\":[{\"@type\":\"ReadAction\",\"target\":[\"https:\\\/\\\/confeitariacale.pt\\\/sobremesas-para-dia-namorados\\\/\"]}]},{\"@type\":\"ImageObject\",\"inLanguage\":\"en-GB\",\"@id\":\"https:\\\/\\\/confeitariacale.pt\\\/sobremesas-para-dia-namorados\\\/#primaryimage\",\"url\":\"https:\\\/\\\/confeitariacale.pt\\\/wp-content\\\/uploads\\\/2021\\\/02\\\/WhatsApp-Image-2021-02-02-at-16.52.41.jpg\",\"contentUrl\":\"https:\\\/\\\/confeitariacale.pt\\\/wp-content\\\/uploads\\\/2021\\\/02\\\/WhatsApp-Image-2021-02-02-at-16.52.41.jpg\",\"width\":870,\"height\":538,\"caption\":\"destaque-dia-namorados-2021-pastelaria-entrega-casa-cale-confeitaria-tradicional-portuguesa-peniche-caldas-rainha-padaria-pastelaria\"},{\"@type\":\"BreadcrumbList\",\"@id\":\"https:\\\/\\\/confeitariacale.pt\\\/sobremesas-para-dia-namorados\\\/#breadcrumb\",\"itemListElement\":[{\"@type\":\"ListItem\",\"position\":1,\"name\":\"In\u00edcio\",\"item\":\"https:\\\/\\\/confeitariacale.pt\\\/\"},{\"@type\":\"ListItem\",\"position\":2,\"name\":\"Sobremesas para o Dia dos Namorados\"}]},{\"@type\":\"WebSite\",\"@id\":\"https:\\\/\\\/confeitariacale.pt\\\/#website\",\"url\":\"https:\\\/\\\/confeitariacale.pt\\\/\",\"name\":\"Cal\u00e9 - Confeitaria Tradicional Portuguesa\",\"description\":\"No Grupo Cal&eacute; produzimos, vendemos e distribu&iacute;mos diariamente produtos de refer&ecirc;ncia nas &aacute;reas da panifica&ccedil;&atilde;o, pastelaria, confeitaria e do&ccedil;aria.\",\"publisher\":{\"@id\":\"https:\\\/\\\/confeitariacale.pt\\\/#organization\"},\"potentialAction\":[{\"@type\":\"SearchAction\",\"target\":{\"@type\":\"EntryPoint\",\"urlTemplate\":\"https:\\\/\\\/confeitariacale.pt\\\/?s={search_term_string}\"},\"query-input\":{\"@type\":\"PropertyValueSpecification\",\"valueRequired\":true,\"valueName\":\"search_term_string\"}}],\"inLanguage\":\"en-GB\"},{\"@type\":\"Organization\",\"@id\":\"https:\\\/\\\/confeitariacale.pt\\\/#organization\",\"name\":\"Cal\u00e9 - Confeitaria Tradicional Portuguesa\",\"url\":\"https:\\\/\\\/confeitariacale.pt\\\/\",\"logo\":{\"@type\":\"ImageObject\",\"inLanguage\":\"en-GB\",\"@id\":\"https:\\\/\\\/confeitariacale.pt\\\/#\\\/schema\\\/logo\\\/image\\\/\",\"url\":\"https:\\\/\\\/confeitariacale.pt\\\/wp-content\\\/uploads\\\/2021\\\/02\\\/104439490_3144511675595181_1617663331076574825_n.png\",\"contentUrl\":\"https:\\\/\\\/confeitariacale.pt\\\/wp-content\\\/uploads\\\/2021\\\/02\\\/104439490_3144511675595181_1617663331076574825_n.png\",\"width\":334,\"height\":334,\"caption\":\"Cal\u00e9 - Confeitaria Tradicional Portuguesa\"},\"image\":{\"@id\":\"https:\\\/\\\/confeitariacale.pt\\\/#\\\/schema\\\/logo\\\/image\\\/\"},\"sameAs\":[\"https:\\\/\\\/www.facebook.com\\\/ConfeitariaCale\",\"https:\\\/\\\/www.instagram.com\\\/confeitariacale\\\/\"]},{\"@type\":\"Person\",\"@id\":\"https:\\\/\\\/confeitariacale.pt\\\/#\\\/schema\\\/person\\\/801e24679ad52c103b918879b77c89be\",\"name\":\"admin\",\"sameAs\":[\"https:\\\/\\\/confeitariacale.pt\"]}]}<\/script>\n<!-- \/ Yoast SEO plugin. -->","yoast_head_json":{"title":"Sobremesas para o Dia dos Namorados | Cal&eacute; - Confeitaria Tradicional Portuguesa","description":"Celebre o dia mais rom\u00e2ntico do ano e surpreenda quem mais ama com as sugest\u00f5es da Cal\u00e9 para uma sobremesa especial de dia dos namorados!","robots":{"index":"index","follow":"follow","max-snippet":"max-snippet:-1","max-image-preview":"max-image-preview:large","max-video-preview":"max-video-preview:-1"},"canonical":"https:\/\/confeitariacale.pt\/en\/sobremesas-para-dia-namorados\/","og_locale":"en_GB","og_type":"article","og_title":"Sobremesas para o Dia dos Namorados | Cal&eacute; - Confeitaria Tradicional Portuguesa","og_description":"Celebre o dia mais rom\u00e2ntico do ano e surpreenda quem mais ama com as sugest\u00f5es da Cal\u00e9 para uma sobremesa especial de dia dos namorados!","og_url":"https:\/\/confeitariacale.pt\/en\/sobremesas-para-dia-namorados\/","og_site_name":"Cal&eacute; - Confeitaria Tradicional Portuguesa","article_publisher":"https:\/\/www.facebook.com\/ConfeitariaCale","article_published_time":"2021-02-04T11:40:00+00:00","article_modified_time":"2024-02-23T17:58:18+00:00","og_image":[{"width":870,"height":538,"url":"https:\/\/confeitariacale.pt\/wp-content\/uploads\/2021\/02\/WhatsApp-Image-2021-02-02-at-16.52.41.jpg","type":"image\/jpeg"}],"author":"admin","twitter_card":"summary_large_image","twitter_misc":{"Written by":"admin","Estimated reading time":"1 minute"},"schema":{"@context":"https:\/\/schema.org","@graph":[{"@type":"Article","@id":"https:\/\/confeitariacale.pt\/sobremesas-para-dia-namorados\/#article","isPartOf":{"@id":"https:\/\/confeitariacale.pt\/sobremesas-para-dia-namorados\/"},"author":{"name":"admin","@id":"https:\/\/confeitariacale.pt\/#\/schema\/person\/801e24679ad52c103b918879b77c89be"},"headline":"Sobremesas para o Dia dos Namorados","datePublished":"2021-02-04T11:40:00+00:00","dateModified":"2024-02-23T17:58:18+00:00","mainEntityOfPage":{"@id":"https:\/\/confeitariacale.pt\/sobremesas-para-dia-namorados\/"},"wordCount":46,"publisher":{"@id":"https:\/\/confeitariacale.pt\/#organization"},"image":{"@id":"https:\/\/confeitariacale.pt\/sobremesas-para-dia-namorados\/#primaryimage"},"thumbnailUrl":"https:\/\/confeitariacale.pt\/wp-content\/uploads\/2021\/02\/WhatsApp-Image-2021-02-02-at-16.52.41.jpg","articleSection":["\u00c9pocas Festivas"],"inLanguage":"en-GB"},{"@type":"WebPage","@id":"https:\/\/confeitariacale.pt\/sobremesas-para-dia-namorados\/","url":"https:\/\/confeitariacale.pt\/sobremesas-para-dia-namorados\/","name":"Sobremesas para o Dia dos Namorados | Cal&eacute; - Confeitaria Tradicional Portuguesa","isPartOf":{"@id":"https:\/\/confeitariacale.pt\/#website"},"primaryImageOfPage":{"@id":"https:\/\/confeitariacale.pt\/sobremesas-para-dia-namorados\/#primaryimage"},"image":{"@id":"https:\/\/confeitariacale.pt\/sobremesas-para-dia-namorados\/#primaryimage"},"thumbnailUrl":"https:\/\/confeitariacale.pt\/wp-content\/uploads\/2021\/02\/WhatsApp-Image-2021-02-02-at-16.52.41.jpg","datePublished":"2021-02-04T11:40:00+00:00","dateModified":"2024-02-23T17:58:18+00:00","description":"Celebre o dia mais rom\u00e2ntico do ano e surpreenda quem mais ama com as sugest\u00f5es da Cal\u00e9 para uma sobremesa especial de dia dos namorados!","breadcrumb":{"@id":"https:\/\/confeitariacale.pt\/sobremesas-para-dia-namorados\/#breadcrumb"},"inLanguage":"en-GB","potentialAction":[{"@type":"ReadAction","target":["https:\/\/confeitariacale.pt\/sobremesas-para-dia-namorados\/"]}]},{"@type":"ImageObject","inLanguage":"en-GB","@id":"https:\/\/confeitariacale.pt\/sobremesas-para-dia-namorados\/#primaryimage","url":"https:\/\/confeitariacale.pt\/wp-content\/uploads\/2021\/02\/WhatsApp-Image-2021-02-02-at-16.52.41.jpg","contentUrl":"https:\/\/confeitariacale.pt\/wp-content\/uploads\/2021\/02\/WhatsApp-Image-2021-02-02-at-16.52.41.jpg","width":870,"height":538,"caption":"destaque-dia-namorados-2021-pastelaria-entrega-casa-cale-confeitaria-tradicional-portuguesa-peniche-caldas-rainha-padaria-pastelaria"},{"@type":"BreadcrumbList","@id":"https:\/\/confeitariacale.pt\/sobremesas-para-dia-namorados\/#breadcrumb","itemListElement":[{"@type":"ListItem","position":1,"name":"In\u00edcio","item":"https:\/\/confeitariacale.pt\/"},{"@type":"ListItem","position":2,"name":"Sobremesas para o Dia dos Namorados"}]},{"@type":"WebSite","@id":"https:\/\/confeitariacale.pt\/#website","url":"https:\/\/confeitariacale.pt\/","name":"Cal\u00e9 - Confeitaria Tradicional Portuguesa","description":"No Grupo Cal&eacute; produzimos, vendemos e distribu&iacute;mos diariamente produtos de refer&ecirc;ncia nas &aacute;reas da panifica&ccedil;&atilde;o, pastelaria, confeitaria e do&ccedil;aria.","publisher":{"@id":"https:\/\/confeitariacale.pt\/#organization"},"potentialAction":[{"@type":"SearchAction","target":{"@type":"EntryPoint","urlTemplate":"https:\/\/confeitariacale.pt\/?s={search_term_string}"},"query-input":{"@type":"PropertyValueSpecification","valueRequired":true,"valueName":"search_term_string"}}],"inLanguage":"en-GB"},{"@type":"Organization","@id":"https:\/\/confeitariacale.pt\/#organization","name":"Cal\u00e9 - Confeitaria Tradicional Portuguesa","url":"https:\/\/confeitariacale.pt\/","logo":{"@type":"ImageObject","inLanguage":"en-GB","@id":"https:\/\/confeitariacale.pt\/#\/schema\/logo\/image\/","url":"https:\/\/confeitariacale.pt\/wp-content\/uploads\/2021\/02\/104439490_3144511675595181_1617663331076574825_n.png","contentUrl":"https:\/\/confeitariacale.pt\/wp-content\/uploads\/2021\/02\/104439490_3144511675595181_1617663331076574825_n.png","width":334,"height":334,"caption":"Cal\u00e9 - Confeitaria Tradicional Portuguesa"},"image":{"@id":"https:\/\/confeitariacale.pt\/#\/schema\/logo\/image\/"},"sameAs":["https:\/\/www.facebook.com\/ConfeitariaCale","https:\/\/www.instagram.com\/confeitariacale\/"]},{"@type":"Person","@id":"https:\/\/confeitariacale.pt\/#\/schema\/person\/801e24679ad52c103b918879b77c89be","name":"admin","sameAs":["https:\/\/confeitariacale.pt"]}]}},"_links":{"self":[{"href":"http:\/\/confeitariacale.pt\/en\/wp-json\/wp\/v2\/posts\/13025","targetHints":{"allow":["GET"]}}],"collection":[{"href":"http:\/\/confeitariacale.pt\/en\/wp-json\/wp\/v2\/posts"}],"about":[{"href":"http:\/\/confeitariacale.pt\/en\/wp-json\/wp\/v2\/types\/post"}],"author":[{"embeddable":true,"href":"http:\/\/confeitariacale.pt\/en\/wp-json\/wp\/v2\/users\/1"}],"replies":[{"embeddable":true,"href":"http:\/\/confeitariacale.pt\/en\/wp-json\/wp\/v2\/comments?post=13025"}],"version-history":[{"count":0,"href":"http:\/\/confeitariacale.pt\/en\/wp-json\/wp\/v2\/posts\/13025\/revisions"}],"wp:featuredmedia":[{"embeddable":true,"href":"http:\/\/confeitariacale.pt\/en\/wp-json\/wp\/v2\/media\/13783"}],"wp:attachment":[{"href":"http:\/\/confeitariacale.pt\/en\/wp-json\/wp\/v2\/media?parent=13025"}],"wp:term":[{"taxonomy":"category","embeddable":true,"href":"http:\/\/confeitariacale.pt\/en\/wp-json\/wp\/v2\/categories?post=13025"},{"taxonomy":"post_tag","embeddable":true,"href":"http:\/\/confeitariacale.pt\/en\/wp-json\/wp\/v2\/tags?post=13025"}],"curies":[{"name":"wp","href":"https:\/\/api.w.org\/{rel}","templated":true}]}}