{"id":13031,"date":"2020-12-23T11:37:14","date_gmt":"2020-12-23T11:37:14","guid":{"rendered":"http:\/\/barista.edge-themes.com\/?p=13031"},"modified":"2024-02-23T17:58:03","modified_gmt":"2024-02-23T17:58:03","slug":"feliz-natal-grupo-cale","status":"publish","type":"post","link":"https:\/\/confeitariacale.pt\/en\/feliz-natal-grupo-cale\/","title":{"rendered":"MERRY CHRISTMAS - CAL\u00c9 BAKERY"},"content":{"rendered":"<p class=\"p1\">This Christmas, LIVE IT!<\/p>\n<p class=\"p1\">Appreciate every moment, every laugh, every glance exchanged! Add friendship, affection and sympathy. Contemplate. Appreciate. Respect.<\/p>\n<p class=\"p1\">Create moments with those you love the most and turn Christmas into a time of sharing, these are the wishes of the team at Cal\u00e9 - Confeitaria Tradicional Portuguesa, in the voice of our Lu\u00eds Cal\u00e9.<\/p>\n<p class=\"p1\">Merry Christmas!<\/p>\n<p><iframe title=\"MENSAGEM NATAL - CAL\u00c9, CONFEITARIA TRADICIONAL\" width=\"1060\" height=\"596\" src=\"https:\/\/www.youtube.com\/embed\/UT1yBmOa6e0?feature=oembed\" frameborder=\"0\" allow=\"accelerometer; autoplay; clipboard-write; encrypted-media; gyroscope; picture-in-picture\" allowfullscreen><\/iframe><\/p>\n<p class=\"p2\">","protected":false},"excerpt":{"rendered":"<p>Crie momentos com aqueles que mais ama, e transforme o Natal num momento de partilha, s\u00e3o os desejos da equipa da Cal\u00e9 &#8211; Confeitaria Tradicional Portuguesa, na voz do nosso Lu\u00eds Cal\u00e9. Feliz Natal!<\/p>","protected":false},"author":1,"featured_media":13767,"comment_status":"closed","ping_status":"open","sticky":false,"template":"","format":"standard","meta":{"footnotes":""},"categories":[61],"tags":[],"class_list":["post-13031","post","type-post","status-publish","format-standard","has-post-thumbnail","hentry","category-epocas-festivas"],"yoast_head":"<!-- This site is optimized with the Yoast SEO plugin v27.4 - https:\/\/yoast.com\/product\/yoast-seo-wordpress\/ -->\n<title>Feliz Natal - Confeitaria Cal\u00e9 | Cal&eacute; - Confeitaria Tradicional Portuguesa<\/title>\n<meta name=\"description\" content=\"Crie momentos com aqueles que mais ama, e transforme o Natal num momento de partilha, s\u00e3o os desejos da equipa da Cal\u00e9 - Confeitaria Tradicional Portuguesa, na voz do nosso Lu\u00eds Cal\u00e9. Feliz Natal!\" \/>\n<meta name=\"robots\" content=\"index, follow, max-snippet:-1, max-image-preview:large, max-video-preview:-1\" \/>\n<link rel=\"canonical\" href=\"https:\/\/confeitariacale.pt\/en\/feliz-natal-grupo-cale\/\" \/>\n<meta property=\"og:locale\" content=\"en_GB\" \/>\n<meta property=\"og:type\" content=\"article\" \/>\n<meta property=\"og:title\" content=\"Feliz Natal - Confeitaria Cal\u00e9 | Cal&eacute; - Confeitaria Tradicional Portuguesa\" \/>\n<meta property=\"og:description\" content=\"Crie momentos com aqueles que mais ama, e transforme o Natal num momento de partilha, s\u00e3o os desejos da equipa da Cal\u00e9 - Confeitaria Tradicional Portuguesa, na voz do nosso Lu\u00eds Cal\u00e9. Feliz Natal!\" \/>\n<meta property=\"og:url\" content=\"https:\/\/confeitariacale.pt\/en\/feliz-natal-grupo-cale\/\" \/>\n<meta property=\"og:site_name\" content=\"Cal&eacute; - Confeitaria Tradicional Portuguesa\" \/>\n<meta property=\"article:publisher\" content=\"https:\/\/www.facebook.com\/ConfeitariaCale\" \/>\n<meta property=\"article:published_time\" content=\"2020-12-23T11:37:14+00:00\" \/>\n<meta property=\"article:modified_time\" content=\"2024-02-23T17:58:03+00:00\" \/>\n<meta property=\"og:image\" content=\"https:\/\/confeitariacale.pt\/wp-content\/uploads\/2017\/02\/Captura-de-ecra\u0303-2021-02-05-a\u0300s-00.44.51.png\" \/>\n\t<meta property=\"og:image:width\" content=\"1622\" \/>\n\t<meta property=\"og:image:height\" content=\"958\" \/>\n\t<meta property=\"og:image:type\" content=\"image\/png\" \/>\n<meta name=\"author\" content=\"admin\" \/>\n<meta name=\"twitter:card\" content=\"summary_large_image\" \/>\n<meta name=\"twitter:label1\" content=\"Written by\" \/>\n\t<meta name=\"twitter:data1\" content=\"admin\" \/>\n\t<meta name=\"twitter:label2\" content=\"Estimated reading time\" \/>\n\t<meta name=\"twitter:data2\" content=\"1 minute\" \/>\n<script type=\"application\/ld+json\" class=\"yoast-schema-graph\">{\"@context\":\"https:\\\/\\\/schema.org\",\"@graph\":[{\"@type\":\"Article\",\"@id\":\"https:\\\/\\\/confeitariacale.pt\\\/feliz-natal-grupo-cale\\\/#article\",\"isPartOf\":{\"@id\":\"https:\\\/\\\/confeitariacale.pt\\\/feliz-natal-grupo-cale\\\/\"},\"author\":{\"name\":\"admin\",\"@id\":\"https:\\\/\\\/confeitariacale.pt\\\/#\\\/schema\\\/person\\\/801e24679ad52c103b918879b77c89be\"},\"headline\":\"FELIZ NATAL &#8211; CONFEITARIA CAL\u00c9\",\"datePublished\":\"2020-12-23T11:37:14+00:00\",\"dateModified\":\"2024-02-23T17:58:03+00:00\",\"mainEntityOfPage\":{\"@id\":\"https:\\\/\\\/confeitariacale.pt\\\/feliz-natal-grupo-cale\\\/\"},\"wordCount\":68,\"publisher\":{\"@id\":\"https:\\\/\\\/confeitariacale.pt\\\/#organization\"},\"image\":{\"@id\":\"https:\\\/\\\/confeitariacale.pt\\\/feliz-natal-grupo-cale\\\/#primaryimage\"},\"thumbnailUrl\":\"https:\\\/\\\/confeitariacale.pt\\\/wp-content\\\/uploads\\\/2017\\\/02\\\/Captura-de-ecra\u0303-2021-02-05-a\u0300s-00.44.51.png\",\"articleSection\":[\"\u00c9pocas Festivas\"],\"inLanguage\":\"en-GB\"},{\"@type\":\"WebPage\",\"@id\":\"https:\\\/\\\/confeitariacale.pt\\\/feliz-natal-grupo-cale\\\/\",\"url\":\"https:\\\/\\\/confeitariacale.pt\\\/feliz-natal-grupo-cale\\\/\",\"name\":\"Feliz Natal - Confeitaria Cal\u00e9 | Cal&eacute; - Confeitaria Tradicional Portuguesa\",\"isPartOf\":{\"@id\":\"https:\\\/\\\/confeitariacale.pt\\\/#website\"},\"primaryImageOfPage\":{\"@id\":\"https:\\\/\\\/confeitariacale.pt\\\/feliz-natal-grupo-cale\\\/#primaryimage\"},\"image\":{\"@id\":\"https:\\\/\\\/confeitariacale.pt\\\/feliz-natal-grupo-cale\\\/#primaryimage\"},\"thumbnailUrl\":\"https:\\\/\\\/confeitariacale.pt\\\/wp-content\\\/uploads\\\/2017\\\/02\\\/Captura-de-ecra\u0303-2021-02-05-a\u0300s-00.44.51.png\",\"datePublished\":\"2020-12-23T11:37:14+00:00\",\"dateModified\":\"2024-02-23T17:58:03+00:00\",\"description\":\"Crie momentos com aqueles que mais ama, e transforme o Natal num momento de partilha, s\u00e3o os desejos da equipa da Cal\u00e9 - Confeitaria Tradicional Portuguesa, na voz do nosso Lu\u00eds Cal\u00e9. Feliz Natal!\",\"breadcrumb\":{\"@id\":\"https:\\\/\\\/confeitariacale.pt\\\/feliz-natal-grupo-cale\\\/#breadcrumb\"},\"inLanguage\":\"en-GB\",\"potentialAction\":[{\"@type\":\"ReadAction\",\"target\":[\"https:\\\/\\\/confeitariacale.pt\\\/feliz-natal-grupo-cale\\\/\"]}]},{\"@type\":\"ImageObject\",\"inLanguage\":\"en-GB\",\"@id\":\"https:\\\/\\\/confeitariacale.pt\\\/feliz-natal-grupo-cale\\\/#primaryimage\",\"url\":\"https:\\\/\\\/confeitariacale.pt\\\/wp-content\\\/uploads\\\/2017\\\/02\\\/Captura-de-ecra\u0303-2021-02-05-a\u0300s-00.44.51.png\",\"contentUrl\":\"https:\\\/\\\/confeitariacale.pt\\\/wp-content\\\/uploads\\\/2017\\\/02\\\/Captura-de-ecra\u0303-2021-02-05-a\u0300s-00.44.51.png\",\"width\":1622,\"height\":958,\"caption\":\"natal-2020-pastelaria-entrega-casa-cale-confeitaria-tradicional-portuguesa-peniche-caldas-rainha-padaria-pastelaria\"},{\"@type\":\"BreadcrumbList\",\"@id\":\"https:\\\/\\\/confeitariacale.pt\\\/feliz-natal-grupo-cale\\\/#breadcrumb\",\"itemListElement\":[{\"@type\":\"ListItem\",\"position\":1,\"name\":\"In\u00edcio\",\"item\":\"https:\\\/\\\/confeitariacale.pt\\\/\"},{\"@type\":\"ListItem\",\"position\":2,\"name\":\"FELIZ NATAL &#8211; CONFEITARIA CAL\u00c9\"}]},{\"@type\":\"WebSite\",\"@id\":\"https:\\\/\\\/confeitariacale.pt\\\/#website\",\"url\":\"https:\\\/\\\/confeitariacale.pt\\\/\",\"name\":\"Cal\u00e9 - Confeitaria Tradicional Portuguesa\",\"description\":\"No Grupo Cal&eacute; produzimos, vendemos e distribu&iacute;mos diariamente produtos de refer&ecirc;ncia nas &aacute;reas da panifica&ccedil;&atilde;o, pastelaria, confeitaria e do&ccedil;aria.\",\"publisher\":{\"@id\":\"https:\\\/\\\/confeitariacale.pt\\\/#organization\"},\"potentialAction\":[{\"@type\":\"SearchAction\",\"target\":{\"@type\":\"EntryPoint\",\"urlTemplate\":\"https:\\\/\\\/confeitariacale.pt\\\/?s={search_term_string}\"},\"query-input\":{\"@type\":\"PropertyValueSpecification\",\"valueRequired\":true,\"valueName\":\"search_term_string\"}}],\"inLanguage\":\"en-GB\"},{\"@type\":\"Organization\",\"@id\":\"https:\\\/\\\/confeitariacale.pt\\\/#organization\",\"name\":\"Cal\u00e9 - Confeitaria Tradicional Portuguesa\",\"url\":\"https:\\\/\\\/confeitariacale.pt\\\/\",\"logo\":{\"@type\":\"ImageObject\",\"inLanguage\":\"en-GB\",\"@id\":\"https:\\\/\\\/confeitariacale.pt\\\/#\\\/schema\\\/logo\\\/image\\\/\",\"url\":\"https:\\\/\\\/confeitariacale.pt\\\/wp-content\\\/uploads\\\/2021\\\/02\\\/104439490_3144511675595181_1617663331076574825_n.png\",\"contentUrl\":\"https:\\\/\\\/confeitariacale.pt\\\/wp-content\\\/uploads\\\/2021\\\/02\\\/104439490_3144511675595181_1617663331076574825_n.png\",\"width\":334,\"height\":334,\"caption\":\"Cal\u00e9 - Confeitaria Tradicional Portuguesa\"},\"image\":{\"@id\":\"https:\\\/\\\/confeitariacale.pt\\\/#\\\/schema\\\/logo\\\/image\\\/\"},\"sameAs\":[\"https:\\\/\\\/www.facebook.com\\\/ConfeitariaCale\",\"https:\\\/\\\/www.instagram.com\\\/confeitariacale\\\/\"]},{\"@type\":\"Person\",\"@id\":\"https:\\\/\\\/confeitariacale.pt\\\/#\\\/schema\\\/person\\\/801e24679ad52c103b918879b77c89be\",\"name\":\"admin\",\"sameAs\":[\"https:\\\/\\\/confeitariacale.pt\"]}]}<\/script>\n<!-- \/ Yoast SEO plugin. -->","yoast_head_json":{"title":"Feliz Natal - Confeitaria Cal\u00e9 | Cal&eacute; - Confeitaria Tradicional Portuguesa","description":"Crie momentos com aqueles que mais ama, e transforme o Natal num momento de partilha, s\u00e3o os desejos da equipa da Cal\u00e9 - Confeitaria Tradicional Portuguesa, na voz do nosso Lu\u00eds Cal\u00e9. Feliz Natal!","robots":{"index":"index","follow":"follow","max-snippet":"max-snippet:-1","max-image-preview":"max-image-preview:large","max-video-preview":"max-video-preview:-1"},"canonical":"https:\/\/confeitariacale.pt\/en\/feliz-natal-grupo-cale\/","og_locale":"en_GB","og_type":"article","og_title":"Feliz Natal - Confeitaria Cal\u00e9 | Cal&eacute; - Confeitaria Tradicional Portuguesa","og_description":"Crie momentos com aqueles que mais ama, e transforme o Natal num momento de partilha, s\u00e3o os desejos da equipa da Cal\u00e9 - Confeitaria Tradicional Portuguesa, na voz do nosso Lu\u00eds Cal\u00e9. Feliz Natal!","og_url":"https:\/\/confeitariacale.pt\/en\/feliz-natal-grupo-cale\/","og_site_name":"Cal&eacute; - Confeitaria Tradicional Portuguesa","article_publisher":"https:\/\/www.facebook.com\/ConfeitariaCale","article_published_time":"2020-12-23T11:37:14+00:00","article_modified_time":"2024-02-23T17:58:03+00:00","og_image":[{"width":1622,"height":958,"url":"https:\/\/confeitariacale.pt\/wp-content\/uploads\/2017\/02\/Captura-de-ecra\u0303-2021-02-05-a\u0300s-00.44.51.png","type":"image\/png"}],"author":"admin","twitter_card":"summary_large_image","twitter_misc":{"Written by":"admin","Estimated reading time":"1 minute"},"schema":{"@context":"https:\/\/schema.org","@graph":[{"@type":"Article","@id":"https:\/\/confeitariacale.pt\/feliz-natal-grupo-cale\/#article","isPartOf":{"@id":"https:\/\/confeitariacale.pt\/feliz-natal-grupo-cale\/"},"author":{"name":"admin","@id":"https:\/\/confeitariacale.pt\/#\/schema\/person\/801e24679ad52c103b918879b77c89be"},"headline":"FELIZ NATAL &#8211; CONFEITARIA CAL\u00c9","datePublished":"2020-12-23T11:37:14+00:00","dateModified":"2024-02-23T17:58:03+00:00","mainEntityOfPage":{"@id":"https:\/\/confeitariacale.pt\/feliz-natal-grupo-cale\/"},"wordCount":68,"publisher":{"@id":"https:\/\/confeitariacale.pt\/#organization"},"image":{"@id":"https:\/\/confeitariacale.pt\/feliz-natal-grupo-cale\/#primaryimage"},"thumbnailUrl":"https:\/\/confeitariacale.pt\/wp-content\/uploads\/2017\/02\/Captura-de-ecra\u0303-2021-02-05-a\u0300s-00.44.51.png","articleSection":["\u00c9pocas Festivas"],"inLanguage":"en-GB"},{"@type":"WebPage","@id":"https:\/\/confeitariacale.pt\/feliz-natal-grupo-cale\/","url":"https:\/\/confeitariacale.pt\/feliz-natal-grupo-cale\/","name":"Feliz Natal - Confeitaria Cal\u00e9 | Cal&eacute; - Confeitaria Tradicional Portuguesa","isPartOf":{"@id":"https:\/\/confeitariacale.pt\/#website"},"primaryImageOfPage":{"@id":"https:\/\/confeitariacale.pt\/feliz-natal-grupo-cale\/#primaryimage"},"image":{"@id":"https:\/\/confeitariacale.pt\/feliz-natal-grupo-cale\/#primaryimage"},"thumbnailUrl":"https:\/\/confeitariacale.pt\/wp-content\/uploads\/2017\/02\/Captura-de-ecra\u0303-2021-02-05-a\u0300s-00.44.51.png","datePublished":"2020-12-23T11:37:14+00:00","dateModified":"2024-02-23T17:58:03+00:00","description":"Crie momentos com aqueles que mais ama, e transforme o Natal num momento de partilha, s\u00e3o os desejos da equipa da Cal\u00e9 - Confeitaria Tradicional Portuguesa, na voz do nosso Lu\u00eds Cal\u00e9. Feliz Natal!","breadcrumb":{"@id":"https:\/\/confeitariacale.pt\/feliz-natal-grupo-cale\/#breadcrumb"},"inLanguage":"en-GB","potentialAction":[{"@type":"ReadAction","target":["https:\/\/confeitariacale.pt\/feliz-natal-grupo-cale\/"]}]},{"@type":"ImageObject","inLanguage":"en-GB","@id":"https:\/\/confeitariacale.pt\/feliz-natal-grupo-cale\/#primaryimage","url":"https:\/\/confeitariacale.pt\/wp-content\/uploads\/2017\/02\/Captura-de-ecra\u0303-2021-02-05-a\u0300s-00.44.51.png","contentUrl":"https:\/\/confeitariacale.pt\/wp-content\/uploads\/2017\/02\/Captura-de-ecra\u0303-2021-02-05-a\u0300s-00.44.51.png","width":1622,"height":958,"caption":"natal-2020-pastelaria-entrega-casa-cale-confeitaria-tradicional-portuguesa-peniche-caldas-rainha-padaria-pastelaria"},{"@type":"BreadcrumbList","@id":"https:\/\/confeitariacale.pt\/feliz-natal-grupo-cale\/#breadcrumb","itemListElement":[{"@type":"ListItem","position":1,"name":"In\u00edcio","item":"https:\/\/confeitariacale.pt\/"},{"@type":"ListItem","position":2,"name":"FELIZ NATAL &#8211; CONFEITARIA CAL\u00c9"}]},{"@type":"WebSite","@id":"https:\/\/confeitariacale.pt\/#website","url":"https:\/\/confeitariacale.pt\/","name":"Cal\u00e9 - Confeitaria Tradicional Portuguesa","description":"No Grupo Cal&eacute; produzimos, vendemos e distribu&iacute;mos diariamente produtos de refer&ecirc;ncia nas &aacute;reas da panifica&ccedil;&atilde;o, pastelaria, confeitaria e do&ccedil;aria.","publisher":{"@id":"https:\/\/confeitariacale.pt\/#organization"},"potentialAction":[{"@type":"SearchAction","target":{"@type":"EntryPoint","urlTemplate":"https:\/\/confeitariacale.pt\/?s={search_term_string}"},"query-input":{"@type":"PropertyValueSpecification","valueRequired":true,"valueName":"search_term_string"}}],"inLanguage":"en-GB"},{"@type":"Organization","@id":"https:\/\/confeitariacale.pt\/#organization","name":"Cal\u00e9 - Confeitaria Tradicional Portuguesa","url":"https:\/\/confeitariacale.pt\/","logo":{"@type":"ImageObject","inLanguage":"en-GB","@id":"https:\/\/confeitariacale.pt\/#\/schema\/logo\/image\/","url":"https:\/\/confeitariacale.pt\/wp-content\/uploads\/2021\/02\/104439490_3144511675595181_1617663331076574825_n.png","contentUrl":"https:\/\/confeitariacale.pt\/wp-content\/uploads\/2021\/02\/104439490_3144511675595181_1617663331076574825_n.png","width":334,"height":334,"caption":"Cal\u00e9 - Confeitaria Tradicional Portuguesa"},"image":{"@id":"https:\/\/confeitariacale.pt\/#\/schema\/logo\/image\/"},"sameAs":["https:\/\/www.facebook.com\/ConfeitariaCale","https:\/\/www.instagram.com\/confeitariacale\/"]},{"@type":"Person","@id":"https:\/\/confeitariacale.pt\/#\/schema\/person\/801e24679ad52c103b918879b77c89be","name":"admin","sameAs":["https:\/\/confeitariacale.pt"]}]}},"_links":{"self":[{"href":"https:\/\/confeitariacale.pt\/en\/wp-json\/wp\/v2\/posts\/13031","targetHints":{"allow":["GET"]}}],"collection":[{"href":"https:\/\/confeitariacale.pt\/en\/wp-json\/wp\/v2\/posts"}],"about":[{"href":"https:\/\/confeitariacale.pt\/en\/wp-json\/wp\/v2\/types\/post"}],"author":[{"embeddable":true,"href":"https:\/\/confeitariacale.pt\/en\/wp-json\/wp\/v2\/users\/1"}],"replies":[{"embeddable":true,"href":"https:\/\/confeitariacale.pt\/en\/wp-json\/wp\/v2\/comments?post=13031"}],"version-history":[{"count":0,"href":"https:\/\/confeitariacale.pt\/en\/wp-json\/wp\/v2\/posts\/13031\/revisions"}],"wp:featuredmedia":[{"embeddable":true,"href":"https:\/\/confeitariacale.pt\/en\/wp-json\/wp\/v2\/media\/13767"}],"wp:attachment":[{"href":"https:\/\/confeitariacale.pt\/en\/wp-json\/wp\/v2\/media?parent=13031"}],"wp:term":[{"taxonomy":"category","embeddable":true,"href":"https:\/\/confeitariacale.pt\/en\/wp-json\/wp\/v2\/categories?post=13031"},{"taxonomy":"post_tag","embeddable":true,"href":"https:\/\/confeitariacale.pt\/en\/wp-json\/wp\/v2\/tags?post=13031"}],"curies":[{"name":"wp","href":"https:\/\/api.w.org\/{rel}","templated":true}]}}